{"id":763,"date":"2016-12-27T21:28:43","date_gmt":"2016-12-27T19:28:43","guid":{"rendered":"http:\/\/pro-legal-team.rs\/en\/?p=763"},"modified":"2016-12-27T21:28:43","modified_gmt":"2016-12-27T19:28:43","slug":"we-are-getting-bigger","status":"publish","type":"post","link":"https:\/\/pro-legal-team.rs\/en\/personal-view\/we-are-getting-bigger\/","title":{"rendered":"We are getting bigger"},"content":{"rendered":"<p>[et_pb_section admin_label=&#8221;section&#8221;][et_pb_row admin_label=&#8221;row&#8221;][et_pb_column type=&#8221;4_4&#8243;][et_pb_text admin_label=&#8221;Tekst&#8221;]<\/p>\n<p>At the end of the year one should summarize the impressions and all which marked previous year. We are proud to say that for Obradovi\u0107 Vulovi\u0107 attorneys at law 2016 was very successful and prosperous.<br \/>\nIn order to share with our business partners everything that was good in the year which is about to end, primarily the expansion of our team and the new business premises, we organized pre new year cocktail. With the main idea to grow together, we look forward to the New Year 2017.<\/p>\n<p>[\/et_pb_text][et_pb_gallery admin_label=&#8221;Galerija&#8221; gallery_ids=&#8221;758,757,759,756&#8243; fullwidth=&#8221;off&#8221; show_title_and_caption=&#8221;off&#8221; show_pagination=&#8221;off&#8221; background_layout=&#8221;light&#8221; auto=&#8221;off&#8221; hover_overlay_color=&#8221;rgba(255,255,255,0.9)&#8221; caption_all_caps=&#8221;off&#8221; use_border_color=&#8221;off&#8221; border_color=&#8221;#ffffff&#8221; border_style=&#8221;solid&#8221; \/][\/et_pb_column][\/et_pb_row][\/et_pb_section]<\/p>\n","protected":false},"excerpt":{"rendered":"<p>In order to share with our business partners everything good in 2016 &#8211; expansion of our team and the new offices, we organized pre new year cocktail. <\/p>\n","protected":false},"author":1,"featured_media":758,"comment_status":"open","ping_status":"open","sticky":false,"template":"","format":"standard","meta":{"_et_pb_use_builder":"on","_et_pb_old_content":"<p>Svake godine na kraju sumiraju se utisci i sve ono \u0161to je obele\u017eilo godinu na isteku. Sa ponosom mo\u017eemo da ka\u017eemo da je 2016. godina za advokatsku kancelariju Obradovi\u0107 Vulovi\u0107 bila veoma uspe\u0161na.<\/p><p>U \u017eelji da sve ono \u0161to je bilo dobro u godini na izmaku, a tu pre svega mislimo na pro\u0161irenje na\u0161eg tima I nove poslovne prostorije, podelimo sa poslovnim partnerima i prijateljima, organizovali smo prednovogodi\u0161nji koktel. Sa \u00a0idejom da rastemo zajedno, \u017eeljno o\u010dekujemo Novu 2017. godinu.<\/p><p>[gallery columns=\"4\" link=\"file\" ids=\"758,757,759,756\" orderby=\"rand\"]<\/p>","_et_gb_content_width":"","footnotes":""},"categories":[65],"tags":[],"class_list":["post-763","post","type-post","status-publish","format-standard","has-post-thumbnail","hentry","category-personal-view"],"yoast_head":"<!-- This site is optimized with the Yoast SEO plugin v27.2 - https:\/\/yoast.com\/product\/yoast-seo-wordpress\/ -->\n<title>We are getting bigger |Law Office Obradovic Vulovic<\/title>\n<meta name=\"description\" content=\"In order to share with our business partners everything good in 2016 - expansion of our team and the new offices, we organized pre new year cocktail.\" \/>\n<meta name=\"robots\" content=\"index, follow, max-snippet:-1, max-image-preview:large, max-video-preview:-1\" \/>\n<link rel=\"canonical\" href=\"https:\/\/pro-legal-team.rs\/en\/personal-view\/we-are-getting-bigger\/\" \/>\n<meta property=\"og:locale\" content=\"en_US\" \/>\n<meta property=\"og:type\" content=\"article\" \/>\n<meta property=\"og:title\" content=\"We are getting bigger |Law Office Obradovic Vulovic\" \/>\n<meta property=\"og:description\" content=\"In order to share with our business partners everything good in 2016 - expansion of our team and the new offices, we organized pre new year cocktail.\" \/>\n<meta property=\"og:url\" content=\"https:\/\/pro-legal-team.rs\/en\/personal-view\/we-are-getting-bigger\/\" \/>\n<meta property=\"og:site_name\" content=\"Advokatska kancelarija OV\" \/>\n<meta property=\"article:publisher\" content=\"https:\/\/www.facebook.com\/prolegalteam\" \/>\n<meta property=\"article:author\" content=\"https:\/\/www.facebook.com\/prolegalteam\" \/>\n<meta property=\"article:published_time\" content=\"2016-12-27T19:28:43+00:00\" \/>\n<meta property=\"og:image\" content=\"https:\/\/pro-legal-team.rs\/wp-content\/uploads\/2016\/12\/otvaranje-kancelarije-3.jpg\" \/>\n\t<meta property=\"og:image:width\" content=\"1024\" \/>\n\t<meta property=\"og:image:height\" content=\"576\" \/>\n\t<meta property=\"og:image:type\" content=\"image\/jpeg\" \/>\n<meta name=\"author\" content=\"Advokatska kancelarija Obradovi\u0107 Vulovi\u0107\" \/>\n<meta name=\"twitter:label1\" content=\"Written by\" \/>\n\t<meta name=\"twitter:data1\" content=\"Advokatska kancelarija Obradovi\u0107 Vulovi\u0107\" \/>\n\t<meta name=\"twitter:label2\" content=\"Est. reading time\" \/>\n\t<meta name=\"twitter:data2\" content=\"1 minute\" \/>\n<script type=\"application\/ld+json\" class=\"yoast-schema-graph\">{\"@context\":\"https:\/\/schema.org\",\"@graph\":[{\"@type\":\"Article\",\"@id\":\"https:\/\/pro-legal-team.rs\/en\/personal-view\/we-are-getting-bigger\/#article\",\"isPartOf\":{\"@id\":\"https:\/\/pro-legal-team.rs\/en\/personal-view\/we-are-getting-bigger\/\"},\"author\":{\"name\":\"Advokatska kancelarija Obradovi\u0107 Vulovi\u0107\",\"@id\":\"https:\/\/pro-legal-team.rs\/#\/schema\/person\/1c36dc578fe1ea498d7294471375c1e0\"},\"headline\":\"We are getting bigger\",\"datePublished\":\"2016-12-27T19:28:43+00:00\",\"mainEntityOfPage\":{\"@id\":\"https:\/\/pro-legal-team.rs\/en\/personal-view\/we-are-getting-bigger\/\"},\"wordCount\":164,\"commentCount\":0,\"publisher\":{\"@id\":\"https:\/\/pro-legal-team.rs\/#organization\"},\"image\":{\"@id\":\"https:\/\/pro-legal-team.rs\/en\/personal-view\/we-are-getting-bigger\/#primaryimage\"},\"thumbnailUrl\":\"https:\/\/pro-legal-team.rs\/wp-content\/uploads\/2016\/12\/otvaranje-kancelarije-3.jpg\",\"articleSection\":[\"personal view\"],\"inLanguage\":\"en-US\",\"potentialAction\":[{\"@type\":\"CommentAction\",\"name\":\"Comment\",\"target\":[\"https:\/\/pro-legal-team.rs\/en\/personal-view\/we-are-getting-bigger\/#respond\"]}]},{\"@type\":\"WebPage\",\"@id\":\"https:\/\/pro-legal-team.rs\/en\/personal-view\/we-are-getting-bigger\/\",\"url\":\"https:\/\/pro-legal-team.rs\/en\/personal-view\/we-are-getting-bigger\/\",\"name\":\"We are getting bigger |Law Office Obradovic Vulovic\",\"isPartOf\":{\"@id\":\"https:\/\/pro-legal-team.rs\/#website\"},\"primaryImageOfPage\":{\"@id\":\"https:\/\/pro-legal-team.rs\/en\/personal-view\/we-are-getting-bigger\/#primaryimage\"},\"image\":{\"@id\":\"https:\/\/pro-legal-team.rs\/en\/personal-view\/we-are-getting-bigger\/#primaryimage\"},\"thumbnailUrl\":\"https:\/\/pro-legal-team.rs\/wp-content\/uploads\/2016\/12\/otvaranje-kancelarije-3.jpg\",\"datePublished\":\"2016-12-27T19:28:43+00:00\",\"description\":\"In order to share with our business partners everything good in 2016 - expansion of our team and the new offices, we organized pre new year cocktail.\",\"breadcrumb\":{\"@id\":\"https:\/\/pro-legal-team.rs\/en\/personal-view\/we-are-getting-bigger\/#breadcrumb\"},\"inLanguage\":\"en-US\",\"potentialAction\":[{\"@type\":\"ReadAction\",\"target\":[\"https:\/\/pro-legal-team.rs\/en\/personal-view\/we-are-getting-bigger\/\"]}]},{\"@type\":\"ImageObject\",\"inLanguage\":\"en-US\",\"@id\":\"https:\/\/pro-legal-team.rs\/en\/personal-view\/we-are-getting-bigger\/#primaryimage\",\"url\":\"https:\/\/pro-legal-team.rs\/wp-content\/uploads\/2016\/12\/otvaranje-kancelarije-3.jpg\",\"contentUrl\":\"https:\/\/pro-legal-team.rs\/wp-content\/uploads\/2016\/12\/otvaranje-kancelarije-3.jpg\",\"width\":1024,\"height\":576},{\"@type\":\"BreadcrumbList\",\"@id\":\"https:\/\/pro-legal-team.rs\/en\/personal-view\/we-are-getting-bigger\/#breadcrumb\",\"itemListElement\":[{\"@type\":\"ListItem\",\"position\":1,\"name\":\"Po\u010detna\",\"item\":\"https:\/\/pro-legal-team.rs\/en\/\"},{\"@type\":\"ListItem\",\"position\":2,\"name\":\"We are getting bigger\"}]},{\"@type\":\"WebSite\",\"@id\":\"https:\/\/pro-legal-team.rs\/#website\",\"url\":\"https:\/\/pro-legal-team.rs\/\",\"name\":\"Advokatska kancelarija OV\",\"description\":\"\",\"publisher\":{\"@id\":\"https:\/\/pro-legal-team.rs\/#organization\"},\"alternateName\":\"Advokatska kancelarija Obradovi\u0107 Vulovi\u0107\",\"potentialAction\":[{\"@type\":\"SearchAction\",\"target\":{\"@type\":\"EntryPoint\",\"urlTemplate\":\"https:\/\/pro-legal-team.rs\/?s={search_term_string}\"},\"query-input\":{\"@type\":\"PropertyValueSpecification\",\"valueRequired\":true,\"valueName\":\"search_term_string\"}}],\"inLanguage\":\"en-US\"},{\"@type\":\"Organization\",\"@id\":\"https:\/\/pro-legal-team.rs\/#organization\",\"name\":\"Advokatska kancelarija Obradovi\u0107 Vulovi\u0107\",\"alternateName\":\"Advokatska kancelarija OV\",\"url\":\"https:\/\/pro-legal-team.rs\/\",\"logo\":{\"@type\":\"ImageObject\",\"inLanguage\":\"en-US\",\"@id\":\"https:\/\/pro-legal-team.rs\/#\/schema\/logo\/image\/\",\"url\":\"https:\/\/pro-legal-team.rs\/wp-content\/uploads\/2022\/06\/AOV-Advokatska_kancelarija_Obradovic_Vulovic.jpg\",\"contentUrl\":\"https:\/\/pro-legal-team.rs\/wp-content\/uploads\/2022\/06\/AOV-Advokatska_kancelarija_Obradovic_Vulovic.jpg\",\"width\":1920,\"height\":1280,\"caption\":\"Advokatska kancelarija Obradovi\u0107 Vulovi\u0107\"},\"image\":{\"@id\":\"https:\/\/pro-legal-team.rs\/#\/schema\/logo\/image\/\"},\"sameAs\":[\"https:\/\/www.facebook.com\/prolegalteam\"]},{\"@type\":\"Person\",\"@id\":\"https:\/\/pro-legal-team.rs\/#\/schema\/person\/1c36dc578fe1ea498d7294471375c1e0\",\"name\":\"Advokatska kancelarija Obradovi\u0107 Vulovi\u0107\",\"image\":{\"@type\":\"ImageObject\",\"inLanguage\":\"en-US\",\"@id\":\"https:\/\/secure.gravatar.com\/avatar\/9f60e5271ab84549685804ed432d4db36756aaf6c1e64f8c33b0b80e8db41ab8?s=96&d=mm&r=g\",\"url\":\"https:\/\/secure.gravatar.com\/avatar\/9f60e5271ab84549685804ed432d4db36756aaf6c1e64f8c33b0b80e8db41ab8?s=96&d=mm&r=g\",\"contentUrl\":\"https:\/\/secure.gravatar.com\/avatar\/9f60e5271ab84549685804ed432d4db36756aaf6c1e64f8c33b0b80e8db41ab8?s=96&d=mm&r=g\",\"caption\":\"Advokatska kancelarija Obradovi\u0107 Vulovi\u0107\"},\"sameAs\":[\"http:\/\/pro-legal-team.rs\",\"https:\/\/www.facebook.com\/prolegalteam\"],\"url\":\"https:\/\/pro-legal-team.rs\/en\/author\/advokatska-kancelarija\/\"}]}<\/script>\n<!-- \/ Yoast SEO plugin. -->","yoast_head_json":{"title":"We are getting bigger |Law Office Obradovic Vulovic","description":"In order to share with our business partners everything good in 2016 - expansion of our team and the new offices, we organized pre new year cocktail.","robots":{"index":"index","follow":"follow","max-snippet":"max-snippet:-1","max-image-preview":"max-image-preview:large","max-video-preview":"max-video-preview:-1"},"canonical":"https:\/\/pro-legal-team.rs\/en\/personal-view\/we-are-getting-bigger\/","og_locale":"en_US","og_type":"article","og_title":"We are getting bigger |Law Office Obradovic Vulovic","og_description":"In order to share with our business partners everything good in 2016 - expansion of our team and the new offices, we organized pre new year cocktail.","og_url":"https:\/\/pro-legal-team.rs\/en\/personal-view\/we-are-getting-bigger\/","og_site_name":"Advokatska kancelarija OV","article_publisher":"https:\/\/www.facebook.com\/prolegalteam","article_author":"https:\/\/www.facebook.com\/prolegalteam","article_published_time":"2016-12-27T19:28:43+00:00","og_image":[{"width":1024,"height":576,"url":"https:\/\/pro-legal-team.rs\/wp-content\/uploads\/2016\/12\/otvaranje-kancelarije-3.jpg","type":"image\/jpeg"}],"author":"Advokatska kancelarija Obradovi\u0107 Vulovi\u0107","twitter_misc":{"Written by":"Advokatska kancelarija Obradovi\u0107 Vulovi\u0107","Est. reading time":"1 minute"},"schema":{"@context":"https:\/\/schema.org","@graph":[{"@type":"Article","@id":"https:\/\/pro-legal-team.rs\/en\/personal-view\/we-are-getting-bigger\/#article","isPartOf":{"@id":"https:\/\/pro-legal-team.rs\/en\/personal-view\/we-are-getting-bigger\/"},"author":{"name":"Advokatska kancelarija Obradovi\u0107 Vulovi\u0107","@id":"https:\/\/pro-legal-team.rs\/#\/schema\/person\/1c36dc578fe1ea498d7294471375c1e0"},"headline":"We are getting bigger","datePublished":"2016-12-27T19:28:43+00:00","mainEntityOfPage":{"@id":"https:\/\/pro-legal-team.rs\/en\/personal-view\/we-are-getting-bigger\/"},"wordCount":164,"commentCount":0,"publisher":{"@id":"https:\/\/pro-legal-team.rs\/#organization"},"image":{"@id":"https:\/\/pro-legal-team.rs\/en\/personal-view\/we-are-getting-bigger\/#primaryimage"},"thumbnailUrl":"https:\/\/pro-legal-team.rs\/wp-content\/uploads\/2016\/12\/otvaranje-kancelarije-3.jpg","articleSection":["personal view"],"inLanguage":"en-US","potentialAction":[{"@type":"CommentAction","name":"Comment","target":["https:\/\/pro-legal-team.rs\/en\/personal-view\/we-are-getting-bigger\/#respond"]}]},{"@type":"WebPage","@id":"https:\/\/pro-legal-team.rs\/en\/personal-view\/we-are-getting-bigger\/","url":"https:\/\/pro-legal-team.rs\/en\/personal-view\/we-are-getting-bigger\/","name":"We are getting bigger |Law Office Obradovic Vulovic","isPartOf":{"@id":"https:\/\/pro-legal-team.rs\/#website"},"primaryImageOfPage":{"@id":"https:\/\/pro-legal-team.rs\/en\/personal-view\/we-are-getting-bigger\/#primaryimage"},"image":{"@id":"https:\/\/pro-legal-team.rs\/en\/personal-view\/we-are-getting-bigger\/#primaryimage"},"thumbnailUrl":"https:\/\/pro-legal-team.rs\/wp-content\/uploads\/2016\/12\/otvaranje-kancelarije-3.jpg","datePublished":"2016-12-27T19:28:43+00:00","description":"In order to share with our business partners everything good in 2016 - expansion of our team and the new offices, we organized pre new year cocktail.","breadcrumb":{"@id":"https:\/\/pro-legal-team.rs\/en\/personal-view\/we-are-getting-bigger\/#breadcrumb"},"inLanguage":"en-US","potentialAction":[{"@type":"ReadAction","target":["https:\/\/pro-legal-team.rs\/en\/personal-view\/we-are-getting-bigger\/"]}]},{"@type":"ImageObject","inLanguage":"en-US","@id":"https:\/\/pro-legal-team.rs\/en\/personal-view\/we-are-getting-bigger\/#primaryimage","url":"https:\/\/pro-legal-team.rs\/wp-content\/uploads\/2016\/12\/otvaranje-kancelarije-3.jpg","contentUrl":"https:\/\/pro-legal-team.rs\/wp-content\/uploads\/2016\/12\/otvaranje-kancelarije-3.jpg","width":1024,"height":576},{"@type":"BreadcrumbList","@id":"https:\/\/pro-legal-team.rs\/en\/personal-view\/we-are-getting-bigger\/#breadcrumb","itemListElement":[{"@type":"ListItem","position":1,"name":"Po\u010detna","item":"https:\/\/pro-legal-team.rs\/en\/"},{"@type":"ListItem","position":2,"name":"We are getting bigger"}]},{"@type":"WebSite","@id":"https:\/\/pro-legal-team.rs\/#website","url":"https:\/\/pro-legal-team.rs\/","name":"Advokatska kancelarija OV","description":"","publisher":{"@id":"https:\/\/pro-legal-team.rs\/#organization"},"alternateName":"Advokatska kancelarija Obradovi\u0107 Vulovi\u0107","potentialAction":[{"@type":"SearchAction","target":{"@type":"EntryPoint","urlTemplate":"https:\/\/pro-legal-team.rs\/?s={search_term_string}"},"query-input":{"@type":"PropertyValueSpecification","valueRequired":true,"valueName":"search_term_string"}}],"inLanguage":"en-US"},{"@type":"Organization","@id":"https:\/\/pro-legal-team.rs\/#organization","name":"Advokatska kancelarija Obradovi\u0107 Vulovi\u0107","alternateName":"Advokatska kancelarija OV","url":"https:\/\/pro-legal-team.rs\/","logo":{"@type":"ImageObject","inLanguage":"en-US","@id":"https:\/\/pro-legal-team.rs\/#\/schema\/logo\/image\/","url":"https:\/\/pro-legal-team.rs\/wp-content\/uploads\/2022\/06\/AOV-Advokatska_kancelarija_Obradovic_Vulovic.jpg","contentUrl":"https:\/\/pro-legal-team.rs\/wp-content\/uploads\/2022\/06\/AOV-Advokatska_kancelarija_Obradovic_Vulovic.jpg","width":1920,"height":1280,"caption":"Advokatska kancelarija Obradovi\u0107 Vulovi\u0107"},"image":{"@id":"https:\/\/pro-legal-team.rs\/#\/schema\/logo\/image\/"},"sameAs":["https:\/\/www.facebook.com\/prolegalteam"]},{"@type":"Person","@id":"https:\/\/pro-legal-team.rs\/#\/schema\/person\/1c36dc578fe1ea498d7294471375c1e0","name":"Advokatska kancelarija Obradovi\u0107 Vulovi\u0107","image":{"@type":"ImageObject","inLanguage":"en-US","@id":"https:\/\/secure.gravatar.com\/avatar\/9f60e5271ab84549685804ed432d4db36756aaf6c1e64f8c33b0b80e8db41ab8?s=96&d=mm&r=g","url":"https:\/\/secure.gravatar.com\/avatar\/9f60e5271ab84549685804ed432d4db36756aaf6c1e64f8c33b0b80e8db41ab8?s=96&d=mm&r=g","contentUrl":"https:\/\/secure.gravatar.com\/avatar\/9f60e5271ab84549685804ed432d4db36756aaf6c1e64f8c33b0b80e8db41ab8?s=96&d=mm&r=g","caption":"Advokatska kancelarija Obradovi\u0107 Vulovi\u0107"},"sameAs":["http:\/\/pro-legal-team.rs","https:\/\/www.facebook.com\/prolegalteam"],"url":"https:\/\/pro-legal-team.rs\/en\/author\/advokatska-kancelarija\/"}]}},"_links":{"self":[{"href":"https:\/\/pro-legal-team.rs\/en\/wp-json\/wp\/v2\/posts\/763","targetHints":{"allow":["GET"]}}],"collection":[{"href":"https:\/\/pro-legal-team.rs\/en\/wp-json\/wp\/v2\/posts"}],"about":[{"href":"https:\/\/pro-legal-team.rs\/en\/wp-json\/wp\/v2\/types\/post"}],"author":[{"embeddable":true,"href":"https:\/\/pro-legal-team.rs\/en\/wp-json\/wp\/v2\/users\/1"}],"replies":[{"embeddable":true,"href":"https:\/\/pro-legal-team.rs\/en\/wp-json\/wp\/v2\/comments?post=763"}],"version-history":[{"count":1,"href":"https:\/\/pro-legal-team.rs\/en\/wp-json\/wp\/v2\/posts\/763\/revisions"}],"predecessor-version":[{"id":764,"href":"https:\/\/pro-legal-team.rs\/en\/wp-json\/wp\/v2\/posts\/763\/revisions\/764"}],"wp:featuredmedia":[{"embeddable":true,"href":"https:\/\/pro-legal-team.rs\/en\/wp-json\/wp\/v2\/media\/758"}],"wp:attachment":[{"href":"https:\/\/pro-legal-team.rs\/en\/wp-json\/wp\/v2\/media?parent=763"}],"wp:term":[{"taxonomy":"category","embeddable":true,"href":"https:\/\/pro-legal-team.rs\/en\/wp-json\/wp\/v2\/categories?post=763"},{"taxonomy":"post_tag","embeddable":true,"href":"https:\/\/pro-legal-team.rs\/en\/wp-json\/wp\/v2\/tags?post=763"}],"curies":[{"name":"wp","href":"https:\/\/api.w.org\/{rel}","templated":true}]}}